{"id":3694,"date":"2023-10-13T16:40:10","date_gmt":"2023-10-13T14:40:10","guid":{"rendered":"https:\/\/engelaere-editions.com\/blog\/?p=3694"},"modified":"2023-10-13T16:40:11","modified_gmt":"2023-10-13T14:40:11","slug":"salon-du-livre-et-de-lillustration-rythmes-en-bulles","status":"publish","type":"post","link":"https:\/\/engelaere-editions.com\/blog\/2023\/10\/13\/salon-du-livre-et-de-lillustration-rythmes-en-bulles\/","title":{"rendered":"Salon du livre et de l&rsquo;illustration : Rythmes en Bulles"},"content":{"rendered":"\n<figure class=\"wp-block-gallery has-nested-images columns-default is-cropped wp-block-gallery-1 is-layout-flex wp-block-gallery-is-layout-flex\">\n<figure class=\"wp-block-image size-large\"><img loading=\"lazy\" decoding=\"async\" width=\"724\" height=\"1024\" data-id=\"3693\" src=\"https:\/\/engelaere-editions.com\/blog\/wp-content\/uploads\/2023\/10\/SalonduLivre_affiche_A4-724x1024.jpg\" alt=\"\" class=\"wp-image-3693\" srcset=\"https:\/\/engelaere-editions.com\/blog\/wp-content\/uploads\/2023\/10\/SalonduLivre_affiche_A4-724x1024.jpg 724w, https:\/\/engelaere-editions.com\/blog\/wp-content\/uploads\/2023\/10\/SalonduLivre_affiche_A4-283x400.jpg 283w, https:\/\/engelaere-editions.com\/blog\/wp-content\/uploads\/2023\/10\/SalonduLivre_affiche_A4-768x1086.jpg 768w, https:\/\/engelaere-editions.com\/blog\/wp-content\/uploads\/2023\/10\/SalonduLivre_affiche_A4-1086x1536.jpg 1086w, https:\/\/engelaere-editions.com\/blog\/wp-content\/uploads\/2023\/10\/SalonduLivre_affiche_A4-1448x2048.jpg 1448w, https:\/\/engelaere-editions.com\/blog\/wp-content\/uploads\/2023\/10\/SalonduLivre_affiche_A4-624x882.jpg 624w, https:\/\/engelaere-editions.com\/blog\/wp-content\/uploads\/2023\/10\/SalonduLivre_affiche_A4-200x283.jpg 200w, https:\/\/engelaere-editions.com\/blog\/wp-content\/uploads\/2023\/10\/SalonduLivre_affiche_A4-300x424.jpg 300w, https:\/\/engelaere-editions.com\/blog\/wp-content\/uploads\/2023\/10\/SalonduLivre_affiche_A4-scaled.jpg 1811w\" sizes=\"auto, (max-width: 724px) 100vw, 724px\" \/><\/figure>\n\n\n\n<figure class=\"wp-block-image size-large\"><img loading=\"lazy\" decoding=\"async\" width=\"866\" height=\"1002\" data-id=\"3083\" src=\"https:\/\/engelaere-editions.com\/blog\/wp-content\/uploads\/2019\/11\/Photo-Anne-Claire-Giraudet.jpg\" alt=\"\" class=\"wp-image-3083\" srcset=\"https:\/\/engelaere-editions.com\/blog\/wp-content\/uploads\/2019\/11\/Photo-Anne-Claire-Giraudet.jpg 866w, https:\/\/engelaere-editions.com\/blog\/wp-content\/uploads\/2019\/11\/Photo-Anne-Claire-Giraudet-200x231.jpg 200w, https:\/\/engelaere-editions.com\/blog\/wp-content\/uploads\/2019\/11\/Photo-Anne-Claire-Giraudet-300x347.jpg 300w, https:\/\/engelaere-editions.com\/blog\/wp-content\/uploads\/2019\/11\/Photo-Anne-Claire-Giraudet-346x400.jpg 346w, https:\/\/engelaere-editions.com\/blog\/wp-content\/uploads\/2019\/11\/Photo-Anne-Claire-Giraudet-768x889.jpg 768w\" sizes=\"auto, (max-width: 866px) 100vw, 866px\" \/><figcaption class=\"wp-element-caption\">Anne-Claire Giraudet<\/figcaption><\/figure>\n\n\n\n<figure class=\"wp-block-image size-large\"><a href=\"https:\/\/engelaere-editions.com\/blog\/produit\/la-fille-au-grain-dans-loeil\/\" target=\"_blank\" rel=\"La Fille au grain dans noopener\"><img loading=\"lazy\" decoding=\"async\" width=\"1024\" height=\"1018\" data-id=\"3023\" src=\"https:\/\/engelaere-editions.com\/blog\/wp-content\/uploads\/2019\/10\/9782917621479-1024x1018.jpg\" alt=\"\" class=\"wp-image-3023\" srcset=\"https:\/\/engelaere-editions.com\/blog\/wp-content\/uploads\/2019\/10\/9782917621479-1024x1018.jpg 1024w, https:\/\/engelaere-editions.com\/blog\/wp-content\/uploads\/2019\/10\/9782917621479-200x199.jpg 200w, https:\/\/engelaere-editions.com\/blog\/wp-content\/uploads\/2019\/10\/9782917621479-100x100.jpg 100w, https:\/\/engelaere-editions.com\/blog\/wp-content\/uploads\/2019\/10\/9782917621479-300x298.jpg 300w, https:\/\/engelaere-editions.com\/blog\/wp-content\/uploads\/2019\/10\/9782917621479-400x398.jpg 400w, https:\/\/engelaere-editions.com\/blog\/wp-content\/uploads\/2019\/10\/9782917621479-768x763.jpg 768w, https:\/\/engelaere-editions.com\/blog\/wp-content\/uploads\/2019\/10\/9782917621479-144x144.jpg 144w, https:\/\/engelaere-editions.com\/blog\/wp-content\/uploads\/2019\/10\/9782917621479.jpg 1188w\" sizes=\"auto, (max-width: 1024px) 100vw, 1024px\" \/><\/a><\/figure>\n<\/figure>\n\n\n\n<h2 class=\"wp-block-heading has-blue-color has-text-color has-medium-font-size\"><strong>Dimanche 15 octobre<\/strong><\/h2>\n\n\n\n<p class=\"has-blue-color has-text-color\"><strong>Anne-Claire Giraudet <\/strong>sera pr\u00e9sente sur le stand de la librairie des Signes \u00e0 la m\u00e9diath\u00e8que Jean Moulin de Margny-l\u00e8s-Compi\u00e8gne pour le salon <a href=\"http:\/\/www.mediatheque-margnylescompiegne.fr\/52-archives\/488-21eme-salon-du-livre-et-de-l-illustration\" target=\"_blank\" rel=\"noopener\" title=\"Rythmes en Bulles\">Rythmes en Bulles<\/a>. Une occasion de venir \u00e0 sa rencontre et de vous faire d\u00e9dicacer <em><a href=\"https:\/\/engelaere-editions.com\/blog\/produit\/la-fille-au-grain-dans-loeil\/\" target=\"_blank\" rel=\"noopener\" title=\"La Fille au grain dans l\u2019\u0153il \u00b7 Claude Tillier &amp; Anne-Claire Giraudet\">La Fille au grain dans l\u2019\u0153il<\/a><\/em>.<\/p>\n","protected":false},"excerpt":{"rendered":"<p>Dimanche 15 octobre Anne-Claire Giraudet sera pr\u00e9sente sur le stand de la librairie des Signes \u00e0 la m\u00e9diath\u00e8que Jean Moulin de Margny-l\u00e8s-Compi\u00e8gne pour le salon Rythmes en Bulles. Une occasion de venir \u00e0 sa rencontre et de vous faire d\u00e9dicacer La Fille au grain dans l\u2019\u0153il.<\/p>\n","protected":false},"author":75316,"featured_media":3693,"comment_status":"closed","ping_status":"open","sticky":true,"template":"","format":"gallery","meta":{"footnotes":""},"categories":[57],"tags":[],"class_list":["post-3694","post","type-post","status-publish","format-gallery","has-post-thumbnail","hentry","category-rencontres-avec-les-auteurs","post_format-post-format-gallery"],"aioseo_notices":[],"_links":{"self":[{"href":"https:\/\/engelaere-editions.com\/blog\/wp-json\/wp\/v2\/posts\/3694","targetHints":{"allow":["GET"]}}],"collection":[{"href":"https:\/\/engelaere-editions.com\/blog\/wp-json\/wp\/v2\/posts"}],"about":[{"href":"https:\/\/engelaere-editions.com\/blog\/wp-json\/wp\/v2\/types\/post"}],"author":[{"embeddable":true,"href":"https:\/\/engelaere-editions.com\/blog\/wp-json\/wp\/v2\/users\/75316"}],"replies":[{"embeddable":true,"href":"https:\/\/engelaere-editions.com\/blog\/wp-json\/wp\/v2\/comments?post=3694"}],"version-history":[{"count":0,"href":"https:\/\/engelaere-editions.com\/blog\/wp-json\/wp\/v2\/posts\/3694\/revisions"}],"wp:featuredmedia":[{"embeddable":true,"href":"https:\/\/engelaere-editions.com\/blog\/wp-json\/wp\/v2\/media\/3693"}],"wp:attachment":[{"href":"https:\/\/engelaere-editions.com\/blog\/wp-json\/wp\/v2\/media?parent=3694"}],"wp:term":[{"taxonomy":"category","embeddable":true,"href":"https:\/\/engelaere-editions.com\/blog\/wp-json\/wp\/v2\/categories?post=3694"},{"taxonomy":"post_tag","embeddable":true,"href":"https:\/\/engelaere-editions.com\/blog\/wp-json\/wp\/v2\/tags?post=3694"}],"curies":[{"name":"wp","href":"https:\/\/api.w.org\/{rel}","templated":true}]}}