{"id":3081,"date":"2019-11-26T13:04:20","date_gmt":"2019-11-26T12:04:20","guid":{"rendered":"https:\/\/engelaere-editions.com\/blog\/?p=3081"},"modified":"2019-11-26T13:05:03","modified_gmt":"2019-11-26T12:05:03","slug":"salon-du-livre-de-noel-de-saint-quentin","status":"publish","type":"post","link":"https:\/\/engelaere-editions.com\/blog\/2019\/11\/26\/salon-du-livre-de-noel-de-saint-quentin\/","title":{"rendered":"Salon du livre de No\u00ebl de Saint-Quentin"},"content":{"rendered":"\n<p>Claude Tillier &amp; Anne-Claire Giraudet seront en d\u00e9dicace le dimanche 1er d\u00e9cembre 2019 au Salon du Livre de Saint-Quentin pour vous pr\u00e9senter leur livre <a href=\"https:\/\/engelaere-editions.com\/blog\/?product=la-fille-au-grain-dans-loeil\"><em>La Fille au grain dans l&rsquo;\u0153il<\/em><\/a>, un tr\u00e8s joli conte de No\u00ebl magnifiquement illustr\u00e9 !<\/p>\n\n\n\n<figure class=\"wp-block-gallery columns-3 is-cropped wp-block-gallery-1 is-layout-flex wp-block-gallery-is-layout-flex\"><ul class=\"blocks-gallery-grid\"><li class=\"blocks-gallery-item\"><figure><img loading=\"lazy\" decoding=\"async\" width=\"1024\" height=\"683\" src=\"https:\/\/engelaere-editions.com\/blog\/wp-content\/uploads\/2016\/04\/CLAUDE-TILLIER-1024x683.jpg\" alt=\"\" data-id=\"2310\" data-full-url=\"https:\/\/engelaere-editions.com\/blog\/wp-content\/uploads\/2016\/04\/CLAUDE-TILLIER.jpg\" data-link=\"https:\/\/engelaere-editions.com\/blog\/?attachment_id=2310\" class=\"wp-image-2310\" srcset=\"https:\/\/engelaere-editions.com\/blog\/wp-content\/uploads\/2016\/04\/CLAUDE-TILLIER-1024x683.jpg 1024w, https:\/\/engelaere-editions.com\/blog\/wp-content\/uploads\/2016\/04\/CLAUDE-TILLIER-scaled-200x133.jpg 200w, https:\/\/engelaere-editions.com\/blog\/wp-content\/uploads\/2016\/04\/CLAUDE-TILLIER-scaled-300x200.jpg 300w, https:\/\/engelaere-editions.com\/blog\/wp-content\/uploads\/2016\/04\/CLAUDE-TILLIER-400x267.jpg 400w, https:\/\/engelaere-editions.com\/blog\/wp-content\/uploads\/2016\/04\/CLAUDE-TILLIER-768x512.jpg 768w, https:\/\/engelaere-editions.com\/blog\/wp-content\/uploads\/2016\/04\/CLAUDE-TILLIER-555x370.jpg 555w\" sizes=\"auto, (max-width: 1024px) 100vw, 1024px\" \/><figcaption class=\"blocks-gallery-item__caption\">Claude Tillier<\/figcaption><\/figure><\/li><li class=\"blocks-gallery-item\"><figure><img loading=\"lazy\" decoding=\"async\" width=\"1024\" height=\"1018\" src=\"https:\/\/engelaere-editions.com\/blog\/wp-content\/uploads\/2019\/10\/9782917621479-1024x1018.jpg\" alt=\"\" data-id=\"3023\" data-full-url=\"https:\/\/engelaere-editions.com\/blog\/wp-content\/uploads\/2019\/10\/9782917621479.jpg\" data-link=\"https:\/\/engelaere-editions.com\/blog\/?attachment_id=3023\" class=\"wp-image-3023\" srcset=\"https:\/\/engelaere-editions.com\/blog\/wp-content\/uploads\/2019\/10\/9782917621479-1024x1018.jpg 1024w, https:\/\/engelaere-editions.com\/blog\/wp-content\/uploads\/2019\/10\/9782917621479-200x199.jpg 200w, https:\/\/engelaere-editions.com\/blog\/wp-content\/uploads\/2019\/10\/9782917621479-100x100.jpg 100w, https:\/\/engelaere-editions.com\/blog\/wp-content\/uploads\/2019\/10\/9782917621479-300x298.jpg 300w, https:\/\/engelaere-editions.com\/blog\/wp-content\/uploads\/2019\/10\/9782917621479-400x398.jpg 400w, https:\/\/engelaere-editions.com\/blog\/wp-content\/uploads\/2019\/10\/9782917621479-768x763.jpg 768w, https:\/\/engelaere-editions.com\/blog\/wp-content\/uploads\/2019\/10\/9782917621479-144x144.jpg 144w, https:\/\/engelaere-editions.com\/blog\/wp-content\/uploads\/2019\/10\/9782917621479.jpg 1188w\" sizes=\"auto, (max-width: 1024px) 100vw, 1024px\" \/><\/figure><\/li><li class=\"blocks-gallery-item\"><figure><img loading=\"lazy\" decoding=\"async\" width=\"866\" height=\"1002\" src=\"https:\/\/engelaere-editions.com\/blog\/wp-content\/uploads\/2019\/11\/Photo-Anne-Claire-Giraudet.jpg\" alt=\"\" data-id=\"3083\" data-full-url=\"https:\/\/engelaere-editions.com\/blog\/wp-content\/uploads\/2019\/11\/Photo-Anne-Claire-Giraudet.jpg\" data-link=\"https:\/\/engelaere-editions.com\/blog\/?attachment_id=3083\" class=\"wp-image-3083\" srcset=\"https:\/\/engelaere-editions.com\/blog\/wp-content\/uploads\/2019\/11\/Photo-Anne-Claire-Giraudet.jpg 866w, https:\/\/engelaere-editions.com\/blog\/wp-content\/uploads\/2019\/11\/Photo-Anne-Claire-Giraudet-200x231.jpg 200w, https:\/\/engelaere-editions.com\/blog\/wp-content\/uploads\/2019\/11\/Photo-Anne-Claire-Giraudet-300x347.jpg 300w, https:\/\/engelaere-editions.com\/blog\/wp-content\/uploads\/2019\/11\/Photo-Anne-Claire-Giraudet-346x400.jpg 346w, https:\/\/engelaere-editions.com\/blog\/wp-content\/uploads\/2019\/11\/Photo-Anne-Claire-Giraudet-768x889.jpg 768w\" sizes=\"auto, (max-width: 866px) 100vw, 866px\" \/><figcaption class=\"blocks-gallery-item__caption\">Anne-Claire Giraudet<\/figcaption><\/figure><\/li><\/ul><\/figure>\n\n\n\n<p><\/p>\n\n\n\n<blockquote class=\"wp-block-quote is-layout-flow wp-block-quote-is-layout-flow\"><p><strong>Le dimanche1er d\u00e9cembre 2019<br \/>de 14 h \u00e0 18 h<\/strong><br \/><strong>Espace Saint-Jacques 14 rue de la Sellerie.<\/strong> <strong><br \/>Entr\u00e9e libre et gratuite<\/strong><\/p><\/blockquote>\n\n\n\n<p><\/p>\n","protected":false},"excerpt":{"rendered":"<p>Claude Tillier &amp; Anne-Claire Giraudet seront en d\u00e9dicace le dimanche 1er d\u00e9cembre 2019 au Salon du Livre de Saint-Quentin pour vous pr\u00e9senter leur livre La Fille au grain dans l&rsquo;\u0153il, un tr\u00e8s joli conte de No\u00ebl magnifiquement illustr\u00e9 ! Le dimanche1er d\u00e9cembre 2019de 14 h \u00e0 18 hEspace Saint-Jacques 14 rue de la Sellerie. Entr\u00e9e [&hellip;]<\/p>\n","protected":false},"author":75316,"featured_media":3082,"comment_status":"closed","ping_status":"open","sticky":true,"template":"","format":"standard","meta":{"footnotes":""},"categories":[57],"tags":[],"class_list":["post-3081","post","type-post","status-publish","format-standard","has-post-thumbnail","hentry","category-rencontres-avec-les-auteurs"],"aioseo_notices":[],"_links":{"self":[{"href":"https:\/\/engelaere-editions.com\/blog\/wp-json\/wp\/v2\/posts\/3081","targetHints":{"allow":["GET"]}}],"collection":[{"href":"https:\/\/engelaere-editions.com\/blog\/wp-json\/wp\/v2\/posts"}],"about":[{"href":"https:\/\/engelaere-editions.com\/blog\/wp-json\/wp\/v2\/types\/post"}],"author":[{"embeddable":true,"href":"https:\/\/engelaere-editions.com\/blog\/wp-json\/wp\/v2\/users\/75316"}],"replies":[{"embeddable":true,"href":"https:\/\/engelaere-editions.com\/blog\/wp-json\/wp\/v2\/comments?post=3081"}],"version-history":[{"count":0,"href":"https:\/\/engelaere-editions.com\/blog\/wp-json\/wp\/v2\/posts\/3081\/revisions"}],"wp:featuredmedia":[{"embeddable":true,"href":"https:\/\/engelaere-editions.com\/blog\/wp-json\/wp\/v2\/media\/3082"}],"wp:attachment":[{"href":"https:\/\/engelaere-editions.com\/blog\/wp-json\/wp\/v2\/media?parent=3081"}],"wp:term":[{"taxonomy":"category","embeddable":true,"href":"https:\/\/engelaere-editions.com\/blog\/wp-json\/wp\/v2\/categories?post=3081"},{"taxonomy":"post_tag","embeddable":true,"href":"https:\/\/engelaere-editions.com\/blog\/wp-json\/wp\/v2\/tags?post=3081"}],"curies":[{"name":"wp","href":"https:\/\/api.w.org\/{rel}","templated":true}]}}