{"id":262,"date":"2011-10-28T14:50:34","date_gmt":"2011-10-28T12:50:34","guid":{"rendered":"http:\/\/engelaere-editions.com\/blog\/?p=262"},"modified":"2015-12-23T10:03:24","modified_gmt":"2015-12-23T09:03:24","slug":"franck-delautre-claude-tillier-amiens-a-lheure-bleue","status":"publish","type":"post","link":"https:\/\/engelaere-editions.com\/blog\/2011\/10\/28\/franck-delautre-claude-tillier-amiens-a-lheure-bleue\/","title":{"rendered":"Franck Delautre &#038; Claude Tillier : Amiens \u00e0 l&rsquo;heure bleue"},"content":{"rendered":"<p style=\"text-align: center;\"><a href=\"http:\/\/engelaere-editions.com\/blog\/wp-content\/uploads\/2011\/10\/couvAHBweb1.jpg\"><img loading=\"lazy\" decoding=\"async\" class=\"wp-image-267 aligncenter\" style=\"border: 1px solid black;\" title=\"Amiens \u00e0 l'heure bleue\" src=\"http:\/\/engelaere-editions.com\/blog\/wp-content\/uploads\/2011\/10\/couvAHBweb1.jpg\" alt=\"\" width=\"520\" height=\"454\" srcset=\"https:\/\/engelaere-editions.com\/blog\/wp-content\/uploads\/2011\/10\/couvAHBweb1.jpg 650w, https:\/\/engelaere-editions.com\/blog\/wp-content\/uploads\/2011\/10\/couvAHBweb1-200x175.jpg 200w, https:\/\/engelaere-editions.com\/blog\/wp-content\/uploads\/2011\/10\/couvAHBweb1-300x262.jpg 300w, https:\/\/engelaere-editions.com\/blog\/wp-content\/uploads\/2011\/10\/couvAHBweb1-150x131.jpg 150w, https:\/\/engelaere-editions.com\/blog\/wp-content\/uploads\/2011\/10\/couvAHBweb1-148x129.jpg 148w, https:\/\/engelaere-editions.com\/blog\/wp-content\/uploads\/2011\/10\/couvAHBweb1-31x27.jpg 31w, https:\/\/engelaere-editions.com\/blog\/wp-content\/uploads\/2011\/10\/couvAHBweb1-38x33.jpg 38w, https:\/\/engelaere-editions.com\/blog\/wp-content\/uploads\/2011\/10\/couvAHBweb1-246x215.jpg 246w\" sizes=\"auto, (max-width: 520px) 100vw, 520px\" \/><\/a><\/p>\n<h5><\/h5>\n<h5 align=\"JUSTIFY\"><span style=\"color: #000000;\"><strong>\u00ab Amiens \u00e0 l&rsquo;heure bleue \u00bb <\/strong><strong>72 pages au format 24 x 21 cm\u00a0 \u00b7 12,10 \u20ac \u00b7\u00a0 ISBN 978-2-917621-11-0<\/strong><\/span><\/h5>\n<h5 align=\"JUSTIFY\"><span style=\"color: #000000;\"><a href=\"http:\/\/engelaere-editions.com\/blog\/wp-content\/uploads\/2011\/10\/Bdc-AHB-public2.pdf\">BON DE COMMANDE \u00ab\u00a0Amiens \u00e0 l&rsquo;heure bleue\u00a0\u00bb<\/a><br \/>\n<\/span><\/h5>\n<p align=\"JUSTIFY\"><span style=\"color: #000000;\">L&rsquo;heure bleue est un moment magique qui se situe entre chiens et loups\u00a0: \u00e0 la tomb\u00e9e du jour, le ciel devient bleu avant d\u2019\u00eatre noir. Le chien symbolise le jour puisque, tout comme lui, il sert \u00e0 nous guider\u00a0; le loup, lui, repr\u00e9sente l\u2019obscurit\u00e9 qui menace et fascine \u00e0 la fois. Ce livre vous fera d\u00e9couvrir Amiens pendant ce moment unique.<\/span><\/p>\n<p style=\"text-align: justify;\"><span style=\"color: #000000;\"><span style=\"color: #000080;\">Franck Delautre<\/span> est un photographe qui a pass\u00e9 des ann\u00e9es \u00e0 sillonner les rues d\u2019Amiens en v\u00e9lo. Dans ses nombreux sujets, les monuments ont toujours eu une place importante et<em> Amiens \u00e0 l\u2019heure bleue<\/em> en est le r\u00e9sultat. Il est l\u2019auteur du <em>Veilleur de nuits<\/em> (textes de Philippe Lacoche, \u00c9ditions Martelle, 2009) et <em>Entre chiens et chats<\/em> (\u00c9ditions Airvey, 2011). <em>Amiens \u00e0 l\u2019heure bleue <\/em>est sa deuxi\u00e8me collaboration avec Engelaere Editions et Claude Tillier puisque Franck Delautre est l\u2019auteur de la photographie de couverture du roman <em>Le Tableau noir<\/em> (2009).<\/span><\/p>\n<p style=\"text-align: justify;\"><span style=\"color: #000000;\"><span style=\"color: #000080;\">Claude Tillier<\/span> habite \u00e0 Amiens o\u00f9 il est guide \u00e0 la Maison de Jules Verne. Il a publi\u00e9 plusieurs nouvelles. Il est \u00e9galement l\u2019auteur de deux essais\u00a0: <em>Jules Verne en 100 questions<\/em> (\u00c9ditions Centre International Jules Verne, 2004), <em>Jules Verne, le po\u00e8te de la science<\/em>(collectif, \u00c9ditions Tim\u00e9e, 2005), ainsi que deux romans\u00a0: <em>Le Blanc qui voyait noir<\/em> (\u00c9ditions Noir D\u00e9lire, 2003) et <em>Le Tableau noir<\/em> (collection Crimes en nord, Engelaere Editions, 2009).<\/span><\/p>\n<address><span style=\"text-decoration: underline;\"><a title=\"Lecture : Amiens \u00e0 l'heure bleue de Claude Tillier et Franck Delautre\" href=\"http:\/\/alexandra.oury.over-blog.com\/article-lecture-amiens-a-l-heure-bleue-97288680.html\">Un article d&rsquo;Alexandra Oury : <\/a><\/span><\/address>\n<p style=\"text-align: justify;\"><a title=\"Lecture : Amiens \u00e0 l'heure bleue de Claude Tillier et Franck Delautre\" href=\"http:\/\/alexandra.oury.over-blog.com\/article-lecture-amiens-a-l-heure-bleue-97288680.html\">Lecture : Amiens \u00e0 l&rsquo;heure bleue de Claude Tillier et Franck Delautre <\/a><\/p>\n<p style=\"text-align: justify;\">\n","protected":false},"excerpt":{"rendered":"<p>\u00ab Amiens \u00e0 l&rsquo;heure bleue \u00bb 72 pages au format 24 x 21 cm\u00a0 \u00b7 12,10 \u20ac \u00b7\u00a0 ISBN 978-2-917621-11-0 BON DE COMMANDE \u00ab\u00a0Amiens \u00e0 l&rsquo;heure bleue\u00a0\u00bb L&rsquo;heure bleue est un moment magique qui se situe entre chiens et loups\u00a0: \u00e0 la tomb\u00e9e du jour, le ciel devient bleu avant d\u2019\u00eatre noir. Le chien symbolise [&hellip;]<\/p>\n","protected":false},"author":75316,"featured_media":0,"comment_status":"closed","ping_status":"open","sticky":false,"template":"","format":"standard","meta":{"footnotes":""},"categories":[11,3],"tags":[],"class_list":["post-262","post","type-post","status-publish","format-standard","hentry","category-beaux-livres-patrimoine","category-ouvrages"],"aioseo_notices":[],"_links":{"self":[{"href":"https:\/\/engelaere-editions.com\/blog\/wp-json\/wp\/v2\/posts\/262","targetHints":{"allow":["GET"]}}],"collection":[{"href":"https:\/\/engelaere-editions.com\/blog\/wp-json\/wp\/v2\/posts"}],"about":[{"href":"https:\/\/engelaere-editions.com\/blog\/wp-json\/wp\/v2\/types\/post"}],"author":[{"embeddable":true,"href":"https:\/\/engelaere-editions.com\/blog\/wp-json\/wp\/v2\/users\/75316"}],"replies":[{"embeddable":true,"href":"https:\/\/engelaere-editions.com\/blog\/wp-json\/wp\/v2\/comments?post=262"}],"version-history":[{"count":0,"href":"https:\/\/engelaere-editions.com\/blog\/wp-json\/wp\/v2\/posts\/262\/revisions"}],"wp:attachment":[{"href":"https:\/\/engelaere-editions.com\/blog\/wp-json\/wp\/v2\/media?parent=262"}],"wp:term":[{"taxonomy":"category","embeddable":true,"href":"https:\/\/engelaere-editions.com\/blog\/wp-json\/wp\/v2\/categories?post=262"},{"taxonomy":"post_tag","embeddable":true,"href":"https:\/\/engelaere-editions.com\/blog\/wp-json\/wp\/v2\/tags?post=262"}],"curies":[{"name":"wp","href":"https:\/\/api.w.org\/{rel}","templated":true}]}}