{"id":2584,"date":"2018-02-14T13:55:12","date_gmt":"2018-02-14T12:55:12","guid":{"rendered":"http:\/\/engelaere-editions.com\/blog\/?p=2584"},"modified":"2018-02-14T13:55:12","modified_gmt":"2018-02-14T12:55:12","slug":"samedi-24-fevrier-2018-2-salon-des-editeurs-et-auteurs-en-region-de-creil","status":"publish","type":"post","link":"https:\/\/engelaere-editions.com\/blog\/2018\/02\/14\/samedi-24-fevrier-2018-2-salon-des-editeurs-et-auteurs-en-region-de-creil\/","title":{"rendered":"SAMEDI 24 F\u00c9VRIER 2018 : 2#  SALON DES \u00c9DITEURS ET AUTEURS EN R\u00c9GION DE CREIL"},"content":{"rendered":"<p>Venez \u00e0 la rencontre de nos auteurs :<\/p>\n<p><strong><span style=\"color: #800000;\">Jean Saintot<\/span><\/strong> <a href=\"http:\/\/engelaere-editions.com\/blog\/?product=lawrence-de-picardie-jean-saintot\">\u00ab\u00a0Lawrence de Picardie\u00a0\u00bb<\/a><\/p>\n<p><strong><span style=\"color: #800000;\">S\u00e9rialcrieur<\/span><\/strong> <a href=\"http:\/\/engelaere-editions.com\/blog\/?product=2016\">\u00ab\u00a0Et \u00e0 s&rsquo;t&rsquo;heure ch&rsquo;est eul S\u00e9rial Crieur\u00a0\u00bb<\/a><\/p>\n<p><strong><span style=\"color: #800000;\">Claude Tiller &amp; Franck Delautre<\/span><\/strong> <a href=\"http:\/\/engelaere-editions.com\/blog\/?product=amiens-a-lheure-bleue-franck-delautre-claude-tillier\">\u00ab\u00a0Amiens \u00e0 l&rsquo;heure bleue\u00a0\u00bb<\/a> <a href=\"http:\/\/engelaere-editions.com\/blog\/?product=satania-%c2%b7-ame-perdue-chez-jules-verne-claude-tillier\">\u00ab\u00a0Satania \u00b7 \u00c2me perdue chez Jules Verne\u00a0\u00bb<\/a><\/p>\n<p>&nbsp;<\/p>\n<p><strong>Hall Espace culturel La Fa\u00efencerie \u00b7 All\u00e9e Nelson \u00b7 60100 CREIL<\/strong><\/p>\n<p><strong>T\u00e9l. 03.44.25.25.80<br \/>\nDe 10 heures \u00e0 18 heures<\/strong><br \/>\nRenseignements \u00e0 la M\u00e9diath\u00e8que<br \/>\n(<strong>En partenariat avec La M\u00e9diath\u00e8que de Creil)<\/strong><\/p>\n","protected":false},"excerpt":{"rendered":"<p>Venez \u00e0 la rencontre de nos auteurs : Jean Saintot \u00ab\u00a0Lawrence de Picardie\u00a0\u00bb S\u00e9rialcrieur \u00ab\u00a0Et \u00e0 s&rsquo;t&rsquo;heure ch&rsquo;est eul S\u00e9rial Crieur\u00a0\u00bb Claude Tiller &amp; Franck Delautre \u00ab\u00a0Amiens \u00e0 l&rsquo;heure bleue\u00a0\u00bb \u00ab\u00a0Satania \u00b7 \u00c2me perdue chez Jules Verne\u00a0\u00bb &nbsp; Hall Espace culturel La Fa\u00efencerie \u00b7 All\u00e9e Nelson \u00b7 60100 CREIL T\u00e9l. 03.44.25.25.80 De 10 heures \u00e0 [&hellip;]<\/p>\n","protected":false},"author":75316,"featured_media":2586,"comment_status":"closed","ping_status":"open","sticky":false,"template":"","format":"standard","meta":{"footnotes":""},"categories":[3],"tags":[],"class_list":["post-2584","post","type-post","status-publish","format-standard","has-post-thumbnail","hentry","category-ouvrages"],"aioseo_notices":[],"_links":{"self":[{"href":"https:\/\/engelaere-editions.com\/blog\/wp-json\/wp\/v2\/posts\/2584","targetHints":{"allow":["GET"]}}],"collection":[{"href":"https:\/\/engelaere-editions.com\/blog\/wp-json\/wp\/v2\/posts"}],"about":[{"href":"https:\/\/engelaere-editions.com\/blog\/wp-json\/wp\/v2\/types\/post"}],"author":[{"embeddable":true,"href":"https:\/\/engelaere-editions.com\/blog\/wp-json\/wp\/v2\/users\/75316"}],"replies":[{"embeddable":true,"href":"https:\/\/engelaere-editions.com\/blog\/wp-json\/wp\/v2\/comments?post=2584"}],"version-history":[{"count":0,"href":"https:\/\/engelaere-editions.com\/blog\/wp-json\/wp\/v2\/posts\/2584\/revisions"}],"wp:featuredmedia":[{"embeddable":true,"href":"https:\/\/engelaere-editions.com\/blog\/wp-json\/wp\/v2\/media\/2586"}],"wp:attachment":[{"href":"https:\/\/engelaere-editions.com\/blog\/wp-json\/wp\/v2\/media?parent=2584"}],"wp:term":[{"taxonomy":"category","embeddable":true,"href":"https:\/\/engelaere-editions.com\/blog\/wp-json\/wp\/v2\/categories?post=2584"},{"taxonomy":"post_tag","embeddable":true,"href":"https:\/\/engelaere-editions.com\/blog\/wp-json\/wp\/v2\/tags?post=2584"}],"curies":[{"name":"wp","href":"https:\/\/api.w.org\/{rel}","templated":true}]}}