{"id":2290,"date":"2016-03-24T17:09:04","date_gmt":"2016-03-24T16:09:04","guid":{"rendered":"http:\/\/engelaere-editions.com\/blog\/?p=2290"},"modified":"2016-03-30T18:39:24","modified_gmt":"2016-03-30T16:39:24","slug":"rencontres-avec-sabine-bernard-godard","status":"publish","type":"post","link":"https:\/\/engelaere-editions.com\/blog\/2016\/03\/24\/rencontres-avec-sabine-bernard-godard\/","title":{"rendered":"Rencontres avec Sabine &#038; Bernard Godard"},"content":{"rendered":"<p style=\"text-align: left;\"><a href=\"http:\/\/engelaere-editions.com\/blog\/wp-content\/uploads\/2016\/03\/Visuel-comm-italienneA3.jpg\" rel=\"attachment wp-att-2291\"><img loading=\"lazy\" decoding=\"async\" class=\"aligncenter wp-image-2291 \" src=\"http:\/\/engelaere-editions.com\/blog\/wp-content\/uploads\/2016\/03\/Visuel-comm-italienneA3-1024x635.jpg\" alt=\"Visuel comm italienneA3\" width=\"881\" height=\"546\" srcset=\"https:\/\/engelaere-editions.com\/blog\/wp-content\/uploads\/2016\/03\/Visuel-comm-italienneA3-1024x635.jpg 1024w, https:\/\/engelaere-editions.com\/blog\/wp-content\/uploads\/2016\/03\/Visuel-comm-italienneA3-scaled-200x124.jpg 200w, https:\/\/engelaere-editions.com\/blog\/wp-content\/uploads\/2016\/03\/Visuel-comm-italienneA3-scaled-300x186.jpg 300w, https:\/\/engelaere-editions.com\/blog\/wp-content\/uploads\/2016\/03\/Visuel-comm-italienneA3-400x248.jpg 400w, https:\/\/engelaere-editions.com\/blog\/wp-content\/uploads\/2016\/03\/Visuel-comm-italienneA3-768x476.jpg 768w, https:\/\/engelaere-editions.com\/blog\/wp-content\/uploads\/2016\/03\/Visuel-comm-italienneA3-597x370.jpg 597w\" sizes=\"auto, (max-width: 881px) 100vw, 881px\" \/><\/a><\/p>\n<div style=\"text-align: left;\" align=\"center\"><\/div>\n<div style=\"text-align: left;\" align=\"center\"><b><big><big>Le samedi 26 mars 2016 de 14 h \u00e0 17 h<\/big><\/big><\/b><br \/>\nAu magasin<br \/>\n<span style=\"color: #66cccc;\"><b><big><big>AU TEMPS DES METS<\/big><\/big><\/b><\/span><br \/>\n18, Parvis Saint-Vulfran \u00b7 80100 ABBEVILLE \u00b7 T\u00e9l. 03 22 20 34 70<\/div>\n<div style=\"text-align: left;\" align=\"center\"><\/div>\n<div style=\"text-align: left;\" align=\"center\"><b><big><big>Le vendredi 1er avril 2016 \u00e0 partir de 17 h<\/big><\/big><\/b><br \/>\n\u00c0 l&rsquo;occasion de l&rsquo;inauguration du magasin<br \/>\n<span style=\"color: #66cccc;\"><b><big><big>LE CYBER PRESSE DE CAYEUX<\/big><\/big><\/b><\/span><br \/>\n7, Place Georges Cl\u00e9menceau \u00b7 80410 CAYEUX-SUR-MER<\/div>\n<div style=\"text-align: left;\" align=\"center\"><\/div>\n<div style=\"text-align: left;\" align=\"center\"><b><big><big>Le samedi 9 avril 2016 \u00e0 partir de 15 h<\/big><\/big><\/b><br \/>\n<span style=\"color: #66cccc;\"><b><big><big>FNAC AMIENS<\/big><\/big><\/b><\/span><br \/>\n<span class=\"_Xbe\">12 Rue des Trois Cailloux \u00b7 80000 AMIENS\u00a0<\/span><\/div>\n<div style=\"text-align: left;\" align=\"center\"><\/div>\n<div style=\"text-align: left;\" align=\"center\"><b><big><big>Le dimanche 1er mai 2016<\/big><\/big><\/b><br \/>\n<span style=\"color: #66cccc;\"><b><big><big>SALON DU LIVRE D&rsquo;EXPRESSION POPULAIRE ET DE CRITIQUE SOCIALE ARRAS<\/big><\/big><\/b><\/span><br \/>\nGrand&rsquo;Place \u00b7 62000 ARRAS<\/div>\n<div style=\"text-align: left;\" align=\"center\"><\/div>\n<div style=\"text-align: left;\" align=\"center\"><b><big><big>Le samedi 21 mai 2016<\/big><\/big><\/b><br \/>\n<span style=\"color: #66cccc;\"><b><big><big>SALON DU LIVRE D&rsquo;EU<\/big><\/big><\/b><\/span><br \/>\nPlus de d\u00e9tails \u00e0 venir (sur le stand de la librairie Bresle Diffusion)<\/div>\n","protected":false},"excerpt":{"rendered":"<p>Le samedi 26 mars 2016 de 14 h \u00e0 17 h Au magasin AU TEMPS DES METS 18, Parvis Saint-Vulfran \u00b7 80100 ABBEVILLE \u00b7 T\u00e9l. 03 22 20 34 70 Le vendredi 1er avril 2016 \u00e0 partir de 17 h \u00c0 l&rsquo;occasion de l&rsquo;inauguration du magasin LE CYBER PRESSE DE CAYEUX 7, Place Georges Cl\u00e9menceau [&hellip;]<\/p>\n","protected":false},"author":75316,"featured_media":0,"comment_status":"closed","ping_status":"open","sticky":false,"template":"","format":"standard","meta":{"footnotes":""},"categories":[57],"tags":[],"class_list":["post-2290","post","type-post","status-publish","format-standard","hentry","category-rencontres-avec-les-auteurs"],"aioseo_notices":[],"_links":{"self":[{"href":"https:\/\/engelaere-editions.com\/blog\/wp-json\/wp\/v2\/posts\/2290","targetHints":{"allow":["GET"]}}],"collection":[{"href":"https:\/\/engelaere-editions.com\/blog\/wp-json\/wp\/v2\/posts"}],"about":[{"href":"https:\/\/engelaere-editions.com\/blog\/wp-json\/wp\/v2\/types\/post"}],"author":[{"embeddable":true,"href":"https:\/\/engelaere-editions.com\/blog\/wp-json\/wp\/v2\/users\/75316"}],"replies":[{"embeddable":true,"href":"https:\/\/engelaere-editions.com\/blog\/wp-json\/wp\/v2\/comments?post=2290"}],"version-history":[{"count":0,"href":"https:\/\/engelaere-editions.com\/blog\/wp-json\/wp\/v2\/posts\/2290\/revisions"}],"wp:attachment":[{"href":"https:\/\/engelaere-editions.com\/blog\/wp-json\/wp\/v2\/media?parent=2290"}],"wp:term":[{"taxonomy":"category","embeddable":true,"href":"https:\/\/engelaere-editions.com\/blog\/wp-json\/wp\/v2\/categories?post=2290"},{"taxonomy":"post_tag","embeddable":true,"href":"https:\/\/engelaere-editions.com\/blog\/wp-json\/wp\/v2\/tags?post=2290"}],"curies":[{"name":"wp","href":"https:\/\/api.w.org\/{rel}","templated":true}]}}