{"id":195,"date":"2011-09-14T18:13:27","date_gmt":"2011-09-14T16:13:27","guid":{"rendered":"http:\/\/engelaere-editions.com\/blog\/?p=195"},"modified":"2016-05-04T09:56:49","modified_gmt":"2016-05-04T07:56:49","slug":"la-vie-balneaire-en-baie-de-somme","status":"publish","type":"post","link":"https:\/\/engelaere-editions.com\/blog\/2011\/09\/14\/la-vie-balneaire-en-baie-de-somme\/","title":{"rendered":"Annie Jacques : La vie baln\u00e9aire en baie de Somme"},"content":{"rendered":"<h3><span style=\"font-family: Garamond;\"><strong>Le Crotoy au temps de Guerlain, Jules Verne, Colette et Toulouse-Lautrec<\/strong><\/span><\/h3>\n<h6><strong> 168 pages au format 24 x 21 cm\u00a0 \u00b7 25 \u20ac \u00b7\u00a0 ISBN 978-2-917621-12-7<\/p>\n<p style=\"text-align: center;\"><span style=\"color: #000000;\"><span style=\"font-family: Times, Times New Roman, serif;\"><span style=\"font-size: medium;\"><a href=\"http:\/\/engelaere-editions.com\/blog\/wp-content\/uploads\/2011\/09\/couv-web1.jpg\"><img loading=\"lazy\" decoding=\"async\" class=\" wp-image-197 aligncenter\" style=\"margin-top: 1px; margin-bottom: 1px; border: 1px solid black;\" title=\"La vie baln\u00e9aire en baie de Somme\" src=\"http:\/\/engelaere-editions.com\/blog\/wp-content\/uploads\/2011\/09\/couv-web1-1024x931.jpg\" alt=\"Couverture\" width=\"446\" height=\"405\" srcset=\"https:\/\/engelaere-editions.com\/blog\/wp-content\/uploads\/2011\/09\/couv-web1-1024x931.jpg 1024w, https:\/\/engelaere-editions.com\/blog\/wp-content\/uploads\/2011\/09\/couv-web1-200x182.jpg 200w, https:\/\/engelaere-editions.com\/blog\/wp-content\/uploads\/2011\/09\/couv-web1-300x272.jpg 300w, https:\/\/engelaere-editions.com\/blog\/wp-content\/uploads\/2011\/09\/couv-web1-150x136.jpg 150w, https:\/\/engelaere-editions.com\/blog\/wp-content\/uploads\/2011\/09\/couv-web1-148x134.jpg 148w, https:\/\/engelaere-editions.com\/blog\/wp-content\/uploads\/2011\/09\/couv-web1-31x28.jpg 31w, https:\/\/engelaere-editions.com\/blog\/wp-content\/uploads\/2011\/09\/couv-web1-38x34.jpg 38w, https:\/\/engelaere-editions.com\/blog\/wp-content\/uploads\/2011\/09\/couv-web1-236x215.jpg 236w, https:\/\/engelaere-editions.com\/blog\/wp-content\/uploads\/2011\/09\/couv-web1.jpg 1181w\" sizes=\"auto, (max-width: 446px) 100vw, 446px\" \/><\/a><\/span><\/span><\/span><\/p>\n<div id=\"attachment_1054\" style=\"width: 137px\" class=\"wp-caption alignleft\"><a href=\"http:\/\/engelaere-editions.com\/blog\/wp-content\/uploads\/2011\/09\/marquepageweb.jpg\"><img loading=\"lazy\" decoding=\"async\" aria-describedby=\"caption-attachment-1054\" class=\" wp-image-1054  \" style=\"border: 1px solid black; margin-left: 10px; margin-right: 10px;\" title=\"marque-page\" src=\"http:\/\/engelaere-editions.com\/blog\/wp-content\/uploads\/2011\/09\/marquepageweb.jpg\" alt=\"marque-page\" width=\"127\" height=\"425\" srcset=\"https:\/\/engelaere-editions.com\/blog\/wp-content\/uploads\/2011\/09\/marquepageweb.jpg 352w, https:\/\/engelaere-editions.com\/blog\/wp-content\/uploads\/2011\/09\/marquepageweb-200x671.jpg 200w, https:\/\/engelaere-editions.com\/blog\/wp-content\/uploads\/2011\/09\/marquepageweb-300x1007.jpg 300w, https:\/\/engelaere-editions.com\/blog\/wp-content\/uploads\/2011\/09\/marquepageweb-305x1024.jpg 305w, https:\/\/engelaere-editions.com\/blog\/wp-content\/uploads\/2011\/09\/marquepageweb-44x148.jpg 44w, https:\/\/engelaere-editions.com\/blog\/wp-content\/uploads\/2011\/09\/marquepageweb-9x31.jpg 9w, https:\/\/engelaere-editions.com\/blog\/wp-content\/uploads\/2011\/09\/marquepageweb-11x38.jpg 11w, https:\/\/engelaere-editions.com\/blog\/wp-content\/uploads\/2011\/09\/marquepageweb-64x215.jpg 64w\" sizes=\"auto, (max-width: 127px) 100vw, 127px\" \/><\/a><p id=\"caption-attachment-1054\" class=\"wp-caption-text\">marque-page<\/p><\/div>\n<p style=\"text-align: justify;\">C&rsquo;est sur les c\u00f4tes de la Manche, du milieu du XIXe si\u00e8cle jusqu\u2019en 1914, que s\u2019est d\u00e9velopp\u00e9 le tourisme baln\u00e9aire en France. La baie de Somme et en particulier Le Crotoy, avec sa longue plage de sable expos\u00e9e au sud, a \u00e9t\u00e9 le t\u00e9moin privil\u00e9gi\u00e9 de cet engouement pour les bains de mer.<br \/>\nLe c\u00e9l\u00e8bre parfumeur de l\u2019<strong>imp\u00e9ratrice Eug\u00e9nie<\/strong>, <strong>Pierre Guerlain<\/strong>, originaire d\u2019Abbeville, fut l\u2019un des premiers fondateurs de la station. \u00c0 sa suite, de nombreuses personnalit\u00e9s litt\u00e9raires ou artistiques ont fr\u00e9quent\u00e9 la cit\u00e9. <strong>Jules Verne<\/strong> a v\u00e9cu plusieurs ann\u00e9es dans le village et y a r\u00e9dig\u00e9 romans et notes scientifiques. <strong>Paul Eudel<\/strong>, c\u00e9l\u00e8bre collectionneur et chroniqueur d\u2019art parisien, a consacr\u00e9 un volume de souvenirs \u00e0 sa ville natale. <strong>Colette<\/strong>, qui y a s\u00e9journ\u00e9 quatre ann\u00e9es de suite, a laiss\u00e9 de nombreuses pages sur la baie, non seulement dans <em>Les Vrilles de la vigne<\/em> mais dans ses chroniques journalistiques et sa correspondance priv\u00e9e. Quant au peintre <strong>Toulouse-Lautrec<\/strong>, grand amateur de chasse, il fr\u00e9quenta plusieurs fois la station pendant les derni\u00e8res ann\u00e9es de sa vie, laissant derri\u00e8re lui un souvenir encore bien pr\u00e9sent aujourd\u2019hui.<\/p>\n<p style=\"text-align: justify;\"><span style=\"color: #0000ff;\"><strong>Annie Jacques<\/strong><\/span> est historienne de l\u2019architecture du XIXe si\u00e8cle, elle a publi\u00e9 de nombreux textes sur cette p\u00e9riode. Conservateur g\u00e9n\u00e9ral du patrimoine, elle a \u00e9t\u00e9 responsable pendant des ann\u00e9es de la Biblioth\u00e8que et des Collections de l\u2019\u00c9cole nationale sup\u00e9rieure des Beaux-arts de<br \/>\nParis, o\u00f9 elle a organis\u00e9 de grandes expositions des dessins des architectes Grands Prix de Rome d\u2019architecture.<\/p>\n<p style=\"text-align: justify;\"><a href=\"http:\/\/api.dmcloud.net\/player\/pubpage\/4f3d114d94a6f66945000325\/5257d0f6947399401d000003\/7ae4cdf2b75f42b1a839bccd6e168061?wmode=transparent&amp;autoplay=1\" target=\"_blank\">Chronique d&rsquo;Anne Martelle du 11 octobre 2013 sur France 3 dans Picardie Matin<\/a><\/p>\n<p style=\"text-align: justify;\"><strong>Vendredi 11 octobre<\/strong>, Anne Martelle, libraire \u00e0 Amiens, remonte le temps avec le livre<a href=\"http:\/\/www.youtube.com\/watch?v=urJVBSM1BUo\" target=\"_blank\"><strong> \u00ab\u00a0La vie Baln\u00e9aire en Baie de Somme\u00a0\u00bb d&rsquo;Annie Jacques<\/strong><\/a> (Ed Engelaere) :\u00a0de quand date le tourisme baln\u00e9aire dans ce village de p\u00eacheurs ? Quels grands noms ont fr\u00e9quent\u00e9 Le Crotoy ?<\/p>\n","protected":false},"excerpt":{"rendered":"<p>Le Crotoy au temps de Guerlain, Jules Verne, Colette et Toulouse-Lautrec 168 pages au format 24 x 21 cm\u00a0 \u00b7 25 \u20ac \u00b7\u00a0 ISBN 978-2-917621-12-7 C&rsquo;est sur les c\u00f4tes de la Manche, du milieu du XIXe si\u00e8cle jusqu\u2019en 1914, que s\u2019est d\u00e9velopp\u00e9 le tourisme baln\u00e9aire en France. La baie de Somme et en particulier Le [&hellip;]<\/p>\n","protected":false},"author":75316,"featured_media":0,"comment_status":"closed","ping_status":"open","sticky":false,"template":"","format":"standard","meta":{"footnotes":""},"categories":[11,3],"tags":[],"class_list":["post-195","post","type-post","status-publish","format-standard","hentry","category-beaux-livres-patrimoine","category-ouvrages"],"aioseo_notices":[],"_links":{"self":[{"href":"https:\/\/engelaere-editions.com\/blog\/wp-json\/wp\/v2\/posts\/195","targetHints":{"allow":["GET"]}}],"collection":[{"href":"https:\/\/engelaere-editions.com\/blog\/wp-json\/wp\/v2\/posts"}],"about":[{"href":"https:\/\/engelaere-editions.com\/blog\/wp-json\/wp\/v2\/types\/post"}],"author":[{"embeddable":true,"href":"https:\/\/engelaere-editions.com\/blog\/wp-json\/wp\/v2\/users\/75316"}],"replies":[{"embeddable":true,"href":"https:\/\/engelaere-editions.com\/blog\/wp-json\/wp\/v2\/comments?post=195"}],"version-history":[{"count":0,"href":"https:\/\/engelaere-editions.com\/blog\/wp-json\/wp\/v2\/posts\/195\/revisions"}],"wp:attachment":[{"href":"https:\/\/engelaere-editions.com\/blog\/wp-json\/wp\/v2\/media?parent=195"}],"wp:term":[{"taxonomy":"category","embeddable":true,"href":"https:\/\/engelaere-editions.com\/blog\/wp-json\/wp\/v2\/categories?post=195"},{"taxonomy":"post_tag","embeddable":true,"href":"https:\/\/engelaere-editions.com\/blog\/wp-json\/wp\/v2\/tags?post=195"}],"curies":[{"name":"wp","href":"https:\/\/api.w.org\/{rel}","templated":true}]}}